{"id":578,"date":"2014-11-04T10:21:47","date_gmt":"2014-11-04T08:21:47","guid":{"rendered":"http:\/\/www.ozgurguler.net\/?p=578"},"modified":"2014-11-04T10:21:47","modified_gmt":"2014-11-04T08:21:47","slug":"ipad-pronun-konusulan-ozellikleri-12-2-inc-ekran-7-mm-kalinlikli-govde-cift-hoparlor","status":"publish","type":"post","link":"https:\/\/www.ozgurguler.net\/blog\/ipad-pronun-konusulan-ozellikleri-12-2-inc-ekran-7-mm-kalinlikli-govde-cift-hoparlor\/","title":{"rendered":"iPad Pro\u2019nun konu\u015fulan \u00f6zellikleri: 12.2 in\u00e7 ekran, 7 mm. kal\u0131nl\u0131kl\u0131 g\u00f6vde, \u00e7ift hoparl\u00f6r"},"content":{"rendered":"<p><img loading=\"lazy\" decoding=\"async\" class=\"alignnone\" src=\"http:\/\/www.teknoblog.com\/wp-content\/uploads\/2014\/11\/ipad-pro-031114.jpg\" alt=\"\" width=\"420\" height=\"280\" \/><\/p>\n<p>Japon web sitesi MacOtakara taraf\u0131ndan yay\u0131nlanan yeni bir haber, iPad Pro\u2019nun daha \u00f6nce konu\u015fulan \u00f6zelliklerinde de\u011fi\u015fikli\u011fe gidildi\u011fini<\/p>\n<p><!--more--><\/p>\n<p>g\u00f6steriyor. Daha \u00f6nce aralar\u0131nda The Wall Street Journal ve Bloomberg\u2019in bulundu\u011fu yay\u0131n organlar\u0131 iPad Pro\u2019nun 12.9 in\u00e7 bir ekranla gelece\u011fini \u00f6ne s\u00fcrm\u00fc\u015f olsa da, yay\u0131nlanan son haberde tabletin 12.2 in\u00e7 bir ekran bar\u0131nd\u0131raca\u011f\u0131 bilgisi yer al\u0131yor.<\/p>\n<p>iPad Pro\u2019yu Microsoft Surface ile kar\u015f\u0131la\u015ft\u0131ran MacOtakara, tablette yatay kullan\u0131m modunun \u00f6ncelikli tercih olaca\u011f\u0131n\u0131 belirtti. 2010 y\u0131l\u0131nda piyasaya s\u00fcr\u00fclen ilk iPad\u2019den bu yana Apple \u00f6nceli\u011fi d\u00fc\u015fey kullan\u0131m moduna veriyor. Haberde iPad Pro\u2019nun kullan\u0131m moduna ba\u011fl\u0131 olarak \u00fcst ve altta veya solda ve sa\u011fda stereo hoparl\u00f6rlere de sahip olaca\u011f\u0131 bilgisi yer al\u0131yor. iSight kamera, Touch ID parmak izi taray\u0131c\u0131s\u0131 ve Lightning giri\u015finin yeri ise de\u011fi\u015fmiyor.<\/p>\n<p>iPad Pro\u2019nun kal\u0131nl\u0131\u011f\u0131n\u0131n ise iPad Air 2 ile iPhone 6 ve iPhone 6 Plus\u2019\u0131n aras\u0131nda bir yerde olaca\u011f\u0131 s\u00f6yleniyor. Bu da tabletin kal\u0131nl\u0131\u011f\u0131n\u0131n tahmini 7 mm. civar\u0131nda olabilece\u011fi anlam\u0131na geliyor. \u0130lk etapta bu y\u0131l\u0131n aral\u0131k ay\u0131nda piyasaya \u00e7\u0131kaca\u011f\u0131 iddia edilen iPad Pro\u2019nun 2015\u2019in ba\u015flar\u0131nda sat\u0131\u015fa sunulmas\u0131 bekleniyor.<\/p>\n","protected":false},"excerpt":{"rendered":"<p>Japon web sitesi MacOtakara taraf\u0131ndan yay\u0131nlanan yeni bir haber, iPad Pro\u2019nun daha \u00f6nce konu\u015fulan \u00f6zelliklerinde de\u011fi\u015fikli\u011fe gidildi\u011fini<\/p>\n","protected":false},"author":4,"featured_media":0,"comment_status":"closed","ping_status":"closed","sticky":false,"template":"","format":"standard","meta":{"footnotes":""},"categories":[15],"tags":[],"class_list":["post-578","post","type-post","status-publish","format-standard","hentry","category-teknoloji-haberleri"],"_links":{"self":[{"href":"https:\/\/www.ozgurguler.net\/blog\/wp-json\/wp\/v2\/posts\/578","targetHints":{"allow":["GET"]}}],"collection":[{"href":"https:\/\/www.ozgurguler.net\/blog\/wp-json\/wp\/v2\/posts"}],"about":[{"href":"https:\/\/www.ozgurguler.net\/blog\/wp-json\/wp\/v2\/types\/post"}],"author":[{"embeddable":true,"href":"https:\/\/www.ozgurguler.net\/blog\/wp-json\/wp\/v2\/users\/4"}],"replies":[{"embeddable":true,"href":"https:\/\/www.ozgurguler.net\/blog\/wp-json\/wp\/v2\/comments?post=578"}],"version-history":[{"count":1,"href":"https:\/\/www.ozgurguler.net\/blog\/wp-json\/wp\/v2\/posts\/578\/revisions"}],"predecessor-version":[{"id":579,"href":"https:\/\/www.ozgurguler.net\/blog\/wp-json\/wp\/v2\/posts\/578\/revisions\/579"}],"wp:attachment":[{"href":"https:\/\/www.ozgurguler.net\/blog\/wp-json\/wp\/v2\/media?parent=578"}],"wp:term":[{"taxonomy":"category","embeddable":true,"href":"https:\/\/www.ozgurguler.net\/blog\/wp-json\/wp\/v2\/categories?post=578"},{"taxonomy":"post_tag","embeddable":true,"href":"https:\/\/www.ozgurguler.net\/blog\/wp-json\/wp\/v2\/tags?post=578"}],"curies":[{"name":"wp","href":"https:\/\/api.w.org\/{rel}","templated":true}]}}