{"id":567,"date":"2014-10-23T11:23:05","date_gmt":"2014-10-23T08:23:05","guid":{"rendered":"http:\/\/www.ozgurguler.net\/?p=567"},"modified":"2014-10-23T11:23:05","modified_gmt":"2014-10-23T08:23:05","slug":"samsung-iphone-7-icin-applea-yonga-ureteceginin-ipucunu-verdi","status":"publish","type":"post","link":"https:\/\/www.ozgurguler.net\/blog\/samsung-iphone-7-icin-applea-yonga-ureteceginin-ipucunu-verdi\/","title":{"rendered":"Samsung iPhone 7 i\u00e7in Apple\u2019a yonga \u00fcretece\u011finin ipucunu verdi"},"content":{"rendered":"<p><img loading=\"lazy\" decoding=\"async\" class=\"alignnone\" src=\"http:\/\/www.teknoblog.com\/wp-content\/uploads\/2014\/05\/samsung-logo-280514.png\" alt=\"\" width=\"444\" height=\"333\" \/><\/p>\n<p>Ezeli rakipler Apple ve Samsung aras\u0131ndaki i\u015f ili\u015fkisi, bu durumdan ho\u015flansalar da ho\u015flanmasalar da bir s\u00fcre daha devam edece\u011fe benziyor. ZDNet\u2019te yer alan habere g\u00f6re, Samsung\u2019un yar\u0131iletken biriminin ba\u015f\u0131nda bulunan Kim Ki-nam, Apple i\u00e7in 14 nm\u2019lik yeni i\u015flemcilerin \u00fcretiminin ba\u015flamas\u0131yla birlikte k\u00e2rlar\u0131n\u0131n y\u00fckselece\u011fini belirtti.<\/p>\n<p><!--more--><\/p>\n<p>Kim Samsung\u2019un Apple i\u00e7in yeni yonga \u00fcretimine ne zaman ba\u015flayaca\u011f\u0131 konusunda bir zaman aral\u0131\u011f\u0131 vermese de, iki \u015firket aras\u0131ndaki i\u015fbirli\u011finin yeni bir yonga neslinde daha devam edece\u011fini do\u011frulam\u0131\u015f oldu. Daha \u00f6nce de, Digitimes Samsung\u2019un 2015\u2019in ba\u015flar\u0131nda Apple i\u00e7in 14 nm.\u2019lik i\u015flemci \u00fcretimine ba\u015flayaca\u011f\u0131n\u0131 \u00f6ne s\u00fcrm\u00fc\u015ft\u00fc.<\/p>\n<p>Samsung i\u00e7in yeni yonga ba\u015far\u0131s\u0131 b\u00fcy\u00fck \u00f6nem ta\u015f\u0131yor. Apple\u2019\u0131n ekran tedari\u011fi konusunda LG\u2019yi tercih etmesi \u015firkete \u00f6nemli bir mevzi kaybettirirken, Qualcomm da Snapdragon i\u015flemcileriyle pazarda Samsung\u2019un Exynos serisi i\u015flemcilerine ciddi bir rakip olmu\u015f durumda. Samsung halen d\u00fcnyadaki en b\u00fcy\u00fck bellek yongas\u0131 \u00fcreticisi olsa da, bu y\u0131l ya\u015fanan ciddi kay\u0131plar analistlerin endi\u015felenmesine neden oluyor.<\/p>\n<p>14 nm.\u2019lik i\u015flemcilerin mevcut 20 nm.\u2019lik i\u015flemcilere k\u0131yasla y\u00fczde 35 daha az g\u00fc\u00e7 sarfetti\u011fi, y\u00fczde 20 daha fazla i\u015flemci g\u00fcc\u00fc sa\u011flad\u0131\u011f\u0131 ve y\u00fczde 15 daha az yer kaplad\u0131\u011f\u0131 belirtiliyor. Samsung\u2019un bu pazardaki en b\u00fcy\u00fck rakiplerinden biri olan TSMC ise 16 nm.\u2019lik yongalar \u00fcretiyor.<\/p>\n","protected":false},"excerpt":{"rendered":"<p>Ezeli rakipler Apple ve Samsung aras\u0131ndaki i\u015f ili\u015fkisi, bu durumdan ho\u015flansalar da ho\u015flanmasalar da bir s\u00fcre daha devam edece\u011fe benziyor. ZDNet\u2019te yer alan habere g\u00f6re, Samsung\u2019un yar\u0131iletken biriminin ba\u015f\u0131nda bulunan Kim Ki-nam, Apple i\u00e7in 14 nm\u2019lik yeni i\u015flemcilerin \u00fcretiminin ba\u015flamas\u0131yla birlikte k\u00e2rlar\u0131n\u0131n y\u00fckselece\u011fini belirtti.<\/p>\n","protected":false},"author":4,"featured_media":0,"comment_status":"closed","ping_status":"closed","sticky":false,"template":"","format":"standard","meta":{"footnotes":""},"categories":[15],"tags":[],"class_list":["post-567","post","type-post","status-publish","format-standard","hentry","category-teknoloji-haberleri"],"_links":{"self":[{"href":"https:\/\/www.ozgurguler.net\/blog\/wp-json\/wp\/v2\/posts\/567","targetHints":{"allow":["GET"]}}],"collection":[{"href":"https:\/\/www.ozgurguler.net\/blog\/wp-json\/wp\/v2\/posts"}],"about":[{"href":"https:\/\/www.ozgurguler.net\/blog\/wp-json\/wp\/v2\/types\/post"}],"author":[{"embeddable":true,"href":"https:\/\/www.ozgurguler.net\/blog\/wp-json\/wp\/v2\/users\/4"}],"replies":[{"embeddable":true,"href":"https:\/\/www.ozgurguler.net\/blog\/wp-json\/wp\/v2\/comments?post=567"}],"version-history":[{"count":1,"href":"https:\/\/www.ozgurguler.net\/blog\/wp-json\/wp\/v2\/posts\/567\/revisions"}],"predecessor-version":[{"id":568,"href":"https:\/\/www.ozgurguler.net\/blog\/wp-json\/wp\/v2\/posts\/567\/revisions\/568"}],"wp:attachment":[{"href":"https:\/\/www.ozgurguler.net\/blog\/wp-json\/wp\/v2\/media?parent=567"}],"wp:term":[{"taxonomy":"category","embeddable":true,"href":"https:\/\/www.ozgurguler.net\/blog\/wp-json\/wp\/v2\/categories?post=567"},{"taxonomy":"post_tag","embeddable":true,"href":"https:\/\/www.ozgurguler.net\/blog\/wp-json\/wp\/v2\/tags?post=567"}],"curies":[{"name":"wp","href":"https:\/\/api.w.org\/{rel}","templated":true}]}}