{"id":497,"date":"2014-09-26T10:10:08","date_gmt":"2014-09-26T07:10:08","guid":{"rendered":"http:\/\/www.ozgurguler.net\/?p=497"},"modified":"2014-09-30T14:10:27","modified_gmt":"2014-09-30T11:10:27","slug":"apple-iphone-6si-veya-6-plusi-bukulenleri-genius-bara-davet-ediyor","status":"publish","type":"post","link":"https:\/\/www.ozgurguler.net\/blog\/apple-iphone-6si-veya-6-plusi-bukulenleri-genius-bara-davet-ediyor\/","title":{"rendered":"Apple iPhone 6\u2019s\u0131 veya 6 Plus\u2019\u0131 b\u00fck\u00fclenleri Genius Bar\u2019a davet ediyor"},"content":{"rendered":"<p><img loading=\"lazy\" decoding=\"async\" class=\"alignnone\" src=\"http:\/\/www.teknoblog.com\/wp-content\/uploads\/2014\/09\/iphone-6-baski-test-260914.jpg\" alt=\"\" width=\"458\" height=\"305\" \/><\/p>\n<p>Apple yeni iPhone\u2019lar\u0131n kolayl\u0131kla b\u00fck\u00fclebildi\u011fi \u015feklinde \u00e7\u0131kan haberlerle ilgili bir a\u00e7\u0131klama yapt\u0131. \u015eirket s\u00f6z konusu b\u00fck\u00fclme olay\u0131na nadiren rastland\u0131\u011f\u0131n\u0131, \u015fimdiye kadar sadece dokuz m\u00fc\u015fterinin kendilerine konuyla ilgili \u015fikayette bulundu\u011funu kaydetti. Ayr\u0131ca \u015firket baz\u0131 gazetecileri test laboratuvar\u0131na davet ederek her bir yeni modelin hangi sa\u011flaml\u0131k ve dayan\u0131kl\u0131l\u0131k testlerinden ge\u00e7ti\u011fini g\u00f6sterdi.<\/p>\n<p><!--more--><\/p>\n<p>iPhone 6 ve iPhone 6 Plus\u2019\u0131n tan\u0131t\u0131m\u0131n\u0131 ger\u00e7ekle\u015ftiren d\u00fcnya \u00e7ap\u0131nda pazarlamadan sorumlu k\u0131demli ba\u015fkan yard\u0131mc\u0131s\u0131 Phil Schiller, b\u00fck\u00fcld\u00fckten sonra eski \u015feklini almayan telefona sahip olanlar i\u00e7in bir tavsiyede bulundu. The Verge sitesine konu\u015fan Schiller, s\u00f6z konusu durumun beklendikleri gibi nadiren ger\u00e7ekle\u015fti\u011fini dile getirdi; bir\u00e7ok durumda oldu\u011fu gibi bu durumda da, cihazlar\u0131nda olmamas\u0131 gereken bir \u015feyin meydana geldi\u011fini fark eden m\u00fc\u015fterilerin AppleCare\u2019a veya Genius Bar\u2019a ba\u015fvurarak kontrol talebinde bulunmalar\u0131n\u0131 tavsiye etti. Yap\u0131lacak kontroller sonucunda cihaz\u0131n garanti kapsam\u0131nda de\u011ferlendirilebilece\u011fini de ekledi.<\/p>\n<p>Di\u011fer bir deyi\u015fle Phil Schiller, yeni iPhone 6 veya iPhone 6 Plus\u2019\u0131nda b\u00fck\u00fclme oldu\u011funu fark eden t\u00fcketicilere en yak\u0131ndaki Apple ma\u011fazas\u0131na ba\u015fvurmalar\u0131n\u0131 ve cihazlar\u0131n\u0131 Genius Bar\u2019daki bir g\u00f6revliye g\u00f6stermelerini tavsiye ediyor. \u015eirket muhtemelen bu gibi cihazlar\u0131 yenileriyle de\u011fi\u015ftirecektir.<\/p>\n","protected":false},"excerpt":{"rendered":"<p>Apple yeni iPhone\u2019lar\u0131n kolayl\u0131kla b\u00fck\u00fclebildi\u011fi \u015feklinde \u00e7\u0131kan haberlerle ilgili bir a\u00e7\u0131klama yapt\u0131. \u015eirket s\u00f6z konusu b\u00fck\u00fclme olay\u0131na nadiren rastland\u0131\u011f\u0131n\u0131, \u015fimdiye kadar sadece dokuz m\u00fc\u015fterinin kendilerine konuyla ilgili \u015fikayette bulundu\u011funu kaydetti. Ayr\u0131ca \u015firket baz\u0131 gazetecileri test laboratuvar\u0131na davet ederek her bir yeni modelin hangi sa\u011flaml\u0131k ve dayan\u0131kl\u0131l\u0131k testlerinden ge\u00e7ti\u011fini g\u00f6sterdi.<\/p>\n","protected":false},"author":4,"featured_media":0,"comment_status":"closed","ping_status":"closed","sticky":false,"template":"","format":"standard","meta":{"footnotes":""},"categories":[15],"tags":[],"class_list":["post-497","post","type-post","status-publish","format-standard","hentry","category-teknoloji-haberleri"],"_links":{"self":[{"href":"https:\/\/www.ozgurguler.net\/blog\/wp-json\/wp\/v2\/posts\/497","targetHints":{"allow":["GET"]}}],"collection":[{"href":"https:\/\/www.ozgurguler.net\/blog\/wp-json\/wp\/v2\/posts"}],"about":[{"href":"https:\/\/www.ozgurguler.net\/blog\/wp-json\/wp\/v2\/types\/post"}],"author":[{"embeddable":true,"href":"https:\/\/www.ozgurguler.net\/blog\/wp-json\/wp\/v2\/users\/4"}],"replies":[{"embeddable":true,"href":"https:\/\/www.ozgurguler.net\/blog\/wp-json\/wp\/v2\/comments?post=497"}],"version-history":[{"count":1,"href":"https:\/\/www.ozgurguler.net\/blog\/wp-json\/wp\/v2\/posts\/497\/revisions"}],"predecessor-version":[{"id":498,"href":"https:\/\/www.ozgurguler.net\/blog\/wp-json\/wp\/v2\/posts\/497\/revisions\/498"}],"wp:attachment":[{"href":"https:\/\/www.ozgurguler.net\/blog\/wp-json\/wp\/v2\/media?parent=497"}],"wp:term":[{"taxonomy":"category","embeddable":true,"href":"https:\/\/www.ozgurguler.net\/blog\/wp-json\/wp\/v2\/categories?post=497"},{"taxonomy":"post_tag","embeddable":true,"href":"https:\/\/www.ozgurguler.net\/blog\/wp-json\/wp\/v2\/tags?post=497"}],"curies":[{"name":"wp","href":"https:\/\/api.w.org\/{rel}","templated":true}]}}