{"id":429,"date":"2014-09-24T16:07:28","date_gmt":"2014-09-24T13:07:28","guid":{"rendered":"http:\/\/www.ozgurguler.net\/?p=429"},"modified":"2014-10-14T17:45:05","modified_gmt":"2014-10-14T14:45:05","slug":"e-vt-elektronik-veri-transferi","status":"publish","type":"post","link":"https:\/\/www.ozgurguler.net\/blog\/e-vt-elektronik-veri-transferi\/","title":{"rendered":"e-VT ELEKTRON\u0130K VER\u0130 TRANSFER\u0130"},"content":{"rendered":"<p>T\u00dc\u0130K (T\u00fcrkiye \u0130statistik Kurumu) taraf\u0131ndan kalk\u0131nma planlar\u0131 ve y\u0131ll\u0131k programlar\u0131n haz\u0131rlanmas\u0131, milli\u00a0gelir tahminlerinin yap\u0131lmas\u0131, \u00fclkemizin ekonomik ve sosyal yap\u0131s\u0131ndaki de\u011fi\u015fmelerin izlenilmesi,\u00a0uluslararas\u0131 bilgi istemine ve uluslararas\u0131 kar\u015f\u0131la\u015ft\u0131rmalara olanak sa\u011flanmas\u0131 ve \u00e7e\u015fitli ara\u015ft\u0131rmalara\u00a0kaynak te\u015fkil etmesi amac\u0131yla kullan\u0131lacak istatistikler, Y\u0131ll\u0131k \u0130\u015f \u0130statistikleri Sanayi ve Hizmet\u00a0Ara\u015ft\u0131rmas\u0131 (A101) ile toplanmaktad\u0131r.<\/p>\n<p><img loading=\"lazy\" decoding=\"async\" class=\"alignnone\" src=\"http:\/\/4.bp.blogspot.com\/-2UVULfiU5wU\/U6p1Bpfx7yI\/AAAAAAAADiw\/s1nbjD6nIk4\/s1600\/e-VT.jpg\" alt=\"\" width=\"216\" height=\"78\" \/><\/p>\n<p><!--more--><\/p>\n<p>T\u00dc\u0130K 2014 y\u0131l\u0131 \u00e7al\u0131\u015fmalar\u0131nda ka\u011f\u0131t ortam\u0131nda anketle veri toplama uygulamas\u0131na son verilmi\u015f oldu\u011fu\u00a0i\u00e7in, art\u0131k ka\u011f\u0131t ortam\u0131nda veri derlemek m\u00fcmk\u00fcn de\u011fildir.<br \/>\n\u0130lk uygulama 2014 y\u0131l\u0131 i\u00e7erisinde yap\u0131lacak olan 2013 YSH\u0130 ara\u015ft\u0131rmas\u0131d\u0131r. Bu uygulama y\u00f6nteminin i\u015f\u00a0yerleriyle yap\u0131lan t\u00fcm \u00e7al\u0131\u015fmalara yayg\u0131nla\u015ft\u0131r\u0131lmas\u0131 hedeflenmi\u015ftir.<br \/>\nYSH\u0130 \u00e7al\u0131\u015fmas\u0131 kapsam\u0131na giren giri\u015fimler, e-VT ile kendi muhasebe uygulamas\u0131 \u00fczerinden ya da e-VT\u00a0web sayfas\u0131ndaki Harzemli veri giri\u015fi uygulamas\u0131 \u00fczerinden formu doldurmak zorundad\u0131rlar.<br \/>\nMikro V15 programlar\u0131 ile doldurmak zorunda oldu\u011funuz\u00a0formun b\u00fcy\u00fck bir k\u0131sm\u0131 otomatik olarak derlenece\u011finden, b\u00fcy\u00fck \u00f6l\u00e7\u00fcde zamandan tasarruf etmi\u015f\u00a0olacaks\u0131n\u0131z.<\/p>\n<p>A\u015fa\u011f\u0131daki linkten teknik dok\u00fcmana ula\u015fabilirsiniz.<br \/>\n<a href=\"http:\/\/arsiv.mikro.com.tr:81\/files\/Kullan%C4%B1m%20k%C4%B1lavuzlar%C4%B1\/Tuik%20e-VT%20%20Entegrasyonu.pdf\" target=\"_blank\">e-VT (Elektronik Veri Transferi) ile Entegrasyon K\u0131lavuzu<\/a><\/p>\n","protected":false},"excerpt":{"rendered":"<p>T\u00dc\u0130K (T\u00fcrkiye \u0130statistik Kurumu) taraf\u0131ndan kalk\u0131nma planlar\u0131 ve y\u0131ll\u0131k programlar\u0131n haz\u0131rlanmas\u0131, milli\u00a0gelir tahminlerinin yap\u0131lmas\u0131, \u00fclkemizin ekonomik ve sosyal yap\u0131s\u0131ndaki de\u011fi\u015fmelerin izlenilmesi,\u00a0uluslararas\u0131 bilgi istemine ve uluslararas\u0131 kar\u015f\u0131la\u015ft\u0131rmalara olanak sa\u011flanmas\u0131 ve \u00e7e\u015fitli ara\u015ft\u0131rmalara\u00a0kaynak te\u015fkil etmesi amac\u0131yla kullan\u0131lacak istatistikler, Y\u0131ll\u0131k \u0130\u015f \u0130statistikleri Sanayi ve Hizmet\u00a0Ara\u015ft\u0131rmas\u0131 (A101) ile toplanmaktad\u0131r.<\/p>\n","protected":false},"author":4,"featured_media":0,"comment_status":"closed","ping_status":"closed","sticky":false,"template":"","format":"standard","meta":{"footnotes":""},"categories":[9],"tags":[],"class_list":["post-429","post","type-post","status-publish","format-standard","hentry","category-mikro-yazilimevi"],"_links":{"self":[{"href":"https:\/\/www.ozgurguler.net\/blog\/wp-json\/wp\/v2\/posts\/429","targetHints":{"allow":["GET"]}}],"collection":[{"href":"https:\/\/www.ozgurguler.net\/blog\/wp-json\/wp\/v2\/posts"}],"about":[{"href":"https:\/\/www.ozgurguler.net\/blog\/wp-json\/wp\/v2\/types\/post"}],"author":[{"embeddable":true,"href":"https:\/\/www.ozgurguler.net\/blog\/wp-json\/wp\/v2\/users\/4"}],"replies":[{"embeddable":true,"href":"https:\/\/www.ozgurguler.net\/blog\/wp-json\/wp\/v2\/comments?post=429"}],"version-history":[{"count":1,"href":"https:\/\/www.ozgurguler.net\/blog\/wp-json\/wp\/v2\/posts\/429\/revisions"}],"predecessor-version":[{"id":430,"href":"https:\/\/www.ozgurguler.net\/blog\/wp-json\/wp\/v2\/posts\/429\/revisions\/430"}],"wp:attachment":[{"href":"https:\/\/www.ozgurguler.net\/blog\/wp-json\/wp\/v2\/media?parent=429"}],"wp:term":[{"taxonomy":"category","embeddable":true,"href":"https:\/\/www.ozgurguler.net\/blog\/wp-json\/wp\/v2\/categories?post=429"},{"taxonomy":"post_tag","embeddable":true,"href":"https:\/\/www.ozgurguler.net\/blog\/wp-json\/wp\/v2\/tags?post=429"}],"curies":[{"name":"wp","href":"https:\/\/api.w.org\/{rel}","templated":true}]}}