{"id":3792,"date":"2023-05-29T14:51:39","date_gmt":"2023-05-29T11:51:39","guid":{"rendered":"https:\/\/www.ozgurguler.net\/blog\/?p=3792"},"modified":"2023-05-29T14:51:41","modified_gmt":"2023-05-29T11:51:41","slug":"edefter-5-haziran-2023-pazartesi-gunu-sonuna-kadar-uzatilmistir","status":"publish","type":"post","link":"https:\/\/www.ozgurguler.net\/blog\/edefter-5-haziran-2023-pazartesi-gunu-sonuna-kadar-uzatilmistir\/","title":{"rendered":"eDefter 5 Haziran 2023 Pazartesi g\u00fcn\u00fc sonuna kadar uzat\u0131lm\u0131\u015ft\u0131r"},"content":{"rendered":"<p align=\"center\"><b>VERG\u0130 USUL KANUNU S\u0130RK\u00dcLER\u0130\/157<\/b><\/p>\n<p align=\"center\">\n<p align=\"center\"><b>\u00a0<\/b><\/p>\n<p><b>Konusu:<\/b>\u00a0\u00a0Elektronik defter (e-Defter) uygulamas\u0131na d\u00e2hil olanlar taraf\u0131ndan 31 May\u0131s 2023 g\u00fcn\u00fc sonuna kadar olu\u015fturulmas\u0131 ve imzalanmas\u0131 gereken e-Defterlerin olu\u015fturulma ve imzalanma s\u00fcresi ile ayn\u0131 s\u00fcrede Gelir \u0130daresi Ba\u015fkanl\u0131\u011f\u0131 Bilgi \u0130\u015flem Sistemine y\u00fcklenmesi gereken \u201cElektronik Defter Beratlar\u0131\u201dn\u0131n y\u00fcklenme s\u00fcresinin uzat\u0131lmas\u0131.<\/p>\n<p><b>Tarihi:<\/b>\u00a029\/5\/2023<\/p>\n<p><b>Say\u0131s\u0131:<\/b>\u00a0VUK-157 \/ 2023-8<\/p>\n<p><b>1. Giri\u015f:<\/b><\/p>\n<p>Ba\u015fkanl\u0131\u011f\u0131m\u0131za iletilen talepler do\u011frultusunda, 213 say\u0131l\u0131 Vergi Usul Kanununun m\u00fckerrer 242 nci maddesindeki yetkiye dayan\u0131larak, e-Defter uygulamas\u0131na d\u00e2hil olanlar taraf\u0131ndan 31 May\u0131s 2023 g\u00fcn\u00fc sonuna kadar olu\u015fturulmas\u0131 ve imzalanmas\u0131 gereken e-Defterlerin olu\u015fturulma ve imzalanma s\u00fcresi ile ayn\u0131 s\u00fcrede Gelir \u0130daresi Ba\u015fkanl\u0131\u011f\u0131 Bilgi \u0130\u015flem Sistemine y\u00fcklenmesi gereken \u201cElektronik Defter Beratlar\u0131\u201dn\u0131n y\u00fcklenme s\u00fcresinin uzat\u0131lmas\u0131 bu Sirk\u00fclerin konusunu olu\u015fturmaktad\u0131r.<\/p>\n<p><b>2. Elektronik Defterlerin Olu\u015fturulma ve \u0130mzalanma S\u00fcresi ile Elektronik Defter Beratlar\u0131n\u0131n Y\u00fcklenme S\u00fcresinin Uzat\u0131lmas\u0131:<\/b><\/p>\n<p>Elektronik defter uygulamas\u0131na d\u00e2hil olanlar taraf\u0131ndan 31 May\u0131s 2023 g\u00fcn\u00fc sonuna kadar olu\u015fturulmas\u0131 ve imzalanmas\u0131 gereken e-Defterlerin olu\u015fturulma ve imzalanma s\u00fcresi ile ayn\u0131 s\u00fcrede Gelir \u0130daresi Ba\u015fkanl\u0131\u011f\u0131 Bilgi \u0130\u015flem Sistemine y\u00fcklenmesi gereken \u201cElektronik Defter Beratlar\u0131\u201dn\u0131n y\u00fcklenme s\u00fcresi 5 Haziran 2023 Pazartesi g\u00fcn\u00fc sonuna kadar uzat\u0131lm\u0131\u015ft\u0131r.<\/p>\n<p>Duyurulur.<\/p>\n<p><a href=\"https:\/\/www.gib.gov.tr\/node\/169539\">https:\/\/www.gib.gov.tr\/node\/169539<\/a><\/p>\n","protected":false},"excerpt":{"rendered":"<p>VERG\u0130 USUL KANUNU S\u0130RK\u00dcLER\u0130\/157 \u00a0 Konusu:\u00a0\u00a0Elektronik defter (e-Defter) uygulamas\u0131na d\u00e2hil olanlar taraf\u0131ndan 31 May\u0131s 2023 g\u00fcn\u00fc sonuna kadar olu\u015fturulmas\u0131 ve imzalanmas\u0131 gereken e-Defterlerin olu\u015fturulma ve imzalanma s\u00fcresi ile ayn\u0131 s\u00fcrede Gelir \u0130daresi Ba\u015fkanl\u0131\u011f\u0131 Bilgi \u0130\u015flem Sistemine y\u00fcklenmesi gereken \u201cElektronik Defter Beratlar\u0131\u201dn\u0131n y\u00fcklenme s\u00fcresinin uzat\u0131lmas\u0131. Tarihi:\u00a029\/5\/2023 Say\u0131s\u0131:\u00a0VUK-157 \/ 2023-8 1. Giri\u015f: Ba\u015fkanl\u0131\u011f\u0131m\u0131za iletilen talepler do\u011frultusunda, 213 [&hellip;]<\/p>\n","protected":false},"author":4,"featured_media":2315,"comment_status":"open","ping_status":"closed","sticky":false,"template":"","format":"standard","meta":{"footnotes":""},"categories":[7],"tags":[],"class_list":["post-3792","post","type-post","status-publish","format-standard","has-post-thumbnail","hentry","category-e-defter"],"_links":{"self":[{"href":"https:\/\/www.ozgurguler.net\/blog\/wp-json\/wp\/v2\/posts\/3792","targetHints":{"allow":["GET"]}}],"collection":[{"href":"https:\/\/www.ozgurguler.net\/blog\/wp-json\/wp\/v2\/posts"}],"about":[{"href":"https:\/\/www.ozgurguler.net\/blog\/wp-json\/wp\/v2\/types\/post"}],"author":[{"embeddable":true,"href":"https:\/\/www.ozgurguler.net\/blog\/wp-json\/wp\/v2\/users\/4"}],"replies":[{"embeddable":true,"href":"https:\/\/www.ozgurguler.net\/blog\/wp-json\/wp\/v2\/comments?post=3792"}],"version-history":[{"count":1,"href":"https:\/\/www.ozgurguler.net\/blog\/wp-json\/wp\/v2\/posts\/3792\/revisions"}],"predecessor-version":[{"id":3793,"href":"https:\/\/www.ozgurguler.net\/blog\/wp-json\/wp\/v2\/posts\/3792\/revisions\/3793"}],"wp:featuredmedia":[{"embeddable":true,"href":"https:\/\/www.ozgurguler.net\/blog\/wp-json\/wp\/v2\/media\/2315"}],"wp:attachment":[{"href":"https:\/\/www.ozgurguler.net\/blog\/wp-json\/wp\/v2\/media?parent=3792"}],"wp:term":[{"taxonomy":"category","embeddable":true,"href":"https:\/\/www.ozgurguler.net\/blog\/wp-json\/wp\/v2\/categories?post=3792"},{"taxonomy":"post_tag","embeddable":true,"href":"https:\/\/www.ozgurguler.net\/blog\/wp-json\/wp\/v2\/tags?post=3792"}],"curies":[{"name":"wp","href":"https:\/\/api.w.org\/{rel}","templated":true}]}}