{"id":1214,"date":"2015-09-17T12:30:05","date_gmt":"2015-09-17T09:30:05","guid":{"rendered":"http:\/\/www.ozgurguler.net\/blog\/?p=1214"},"modified":"2015-09-17T12:30:41","modified_gmt":"2015-09-17T09:30:41","slug":"15-versiyonu-11-09-2015-guncellemesi","status":"publish","type":"post","link":"https:\/\/www.ozgurguler.net\/blog\/15-versiyonu-11-09-2015-guncellemesi\/","title":{"rendered":"15 Versiyonu \/ 11.09.2015 g\u00fcncellemesi"},"content":{"rendered":"<h3>15 Versiyonu \/ 11.09.2015 g\u00fcncellemesi<\/h3>\n<p><strong>Yasal D\u00fczenlemeler<\/strong><\/p>\n<p><strong>KDV Beyannamesinde de\u011fi\u015fiklik yap\u0131lm\u0131\u015ft\u0131r.Versiyon 17 olmu\u015ftur.<\/strong><\/p>\n<p>*KDV-1 Beyannamesinin \u0130hra\u00e7 Kayd\u0131yla Teslimler kulak\u00e7\u0131\u011f\u0131nda, Giri\u015fi yap\u0131lan\u00a0<strong>Y\u00fcklenilen KDV<\/strong>\u00a0tek sat\u0131ra indirgenmi\u015ftir.<\/p>\n<p>*e-fatura versiyonunda de\u011fi\u015fiklik olmu\u015f <strong>UBL-TR1.2 ye <\/strong>ge\u00e7i\u015f yap\u0131lm\u0131\u015ft\u0131r.<\/p>\n<p>UBL-TR1.2 \u015femas\u0131n\u0131n e-fatura GER\u00c7EK ortam\u0131nda uygulamaya konulma zaman\u0131\u00a0<strong>19.10.2015<\/strong> <strong>saat 10:00 <\/strong>olarak <strong>G\u0130B taraf\u0131ndan 10.09.2015 tarihinde yap\u0131lan duyuru ile 19.10.2015 tarihine ertelenmi\u015ftir<\/strong><\/p>\n<p><!--more--><\/p>\n<p>*01.09.2015 tarihinden ge\u00e7erli olmak \u00fczere, k\u0131dem tazminat\u0131 tavan\u0131 3.828,37 TL olarak ilgili alanlarda de\u011fi\u015ftirilmi\u015ftir.<\/p>\n<p><strong>Stok Y\u00f6netimi<\/strong><\/p>\n<p>*Sarf veya montaj re\u00e7etesi (011960) evrak\u0131na \u201cStok ad\u0131\u201d da eklenmi\u015ftir.<\/p>\n<p><strong>Sat\u0131\u015f Y\u00f6netimi<\/strong><\/p>\n<p>*Evrak form dizaynlar\u0131nda alan arama \u00f6zelli\u011fi eklenmi\u015ftir. Ctrl F ile arama yap\u0131labilmektedir.<\/p>\n<p>* Sat\u0131\u015f &#8211; maliyet &#8211; kar listesi(034100) ekran\u0131na ba\u011flant\u0131l\u0131 sorgu kolonu eklenebilmesi amac\u0131yla hareket kay\u0131t no bilgisi eklenmi\u015ftir.<\/p>\n<p><strong>Sat\u0131n alma Y\u00f6netimi<\/strong><\/p>\n<p>*Sipari\u015f evraklar\u0131na Dosyadan bilgi oku CTRL+N se\u00e7ene\u011fine multi kod ile de aktar\u0131m yap\u0131labilmesi sa\u011flanm\u0131\u015ft\u0131r,<\/p>\n<p><strong>\u00dcretim Y\u00f6netimi<\/strong><\/p>\n<p><strong>*<\/strong> \u00dcretim plan matrisi eksikler raporu (234230&#8242;)na\u00a0Birim hammadde maliyeti, Eksik miktar\u00a0 maliyeti ve T\u00fcketim miktar\u0131 kolonlar\u0131 eklenmi\u015ftir.<\/p>\n<p>*\u00dcretim plan matrisi tan\u0131mlama (232100)\u2019da Ba\u015flama tarihi ile Biti\u015f tarihi ayn\u0131 g\u00fcn verilebilmesi sa\u011flanm\u0131\u015ft\u0131r.<\/p>\n<p><strong>Tamir Servis Merkezi Y\u00f6netimi<\/strong><\/p>\n<p>Cihaz hareket f\u00f6y\u00fc (827100) i\u00e7erisine Servis formu (824055) hareketlerinin de raporlanmas\u0131 sa\u011flanm\u0131\u015ft\u0131r.<\/p>\n<p>&nbsp;<\/p>\n","protected":false},"excerpt":{"rendered":"<p>15 Versiyonu \/ 11.09.2015 g\u00fcncellemesi Yasal D\u00fczenlemeler KDV Beyannamesinde de\u011fi\u015fiklik yap\u0131lm\u0131\u015ft\u0131r.Versiyon 17 olmu\u015ftur. *KDV-1 Beyannamesinin \u0130hra\u00e7 Kayd\u0131yla Teslimler kulak\u00e7\u0131\u011f\u0131nda, Giri\u015fi yap\u0131lan\u00a0Y\u00fcklenilen KDV\u00a0tek sat\u0131ra indirgenmi\u015ftir. *e-fatura versiyonunda de\u011fi\u015fiklik olmu\u015f UBL-TR1.2 ye ge\u00e7i\u015f yap\u0131lm\u0131\u015ft\u0131r. UBL-TR1.2 \u015femas\u0131n\u0131n e-fatura GER\u00c7EK ortam\u0131nda uygulamaya konulma zaman\u0131\u00a019.10.2015 saat 10:00 olarak G\u0130B taraf\u0131ndan 10.09.2015 tarihinde yap\u0131lan duyuru ile 19.10.2015 tarihine ertelenmi\u015ftir<\/p>\n","protected":false},"author":4,"featured_media":0,"comment_status":"closed","ping_status":"closed","sticky":false,"template":"","format":"standard","meta":{"footnotes":""},"categories":[4,9],"tags":[],"class_list":["post-1214","post","type-post","status-publish","format-standard","hentry","category-e-fatura","category-mikro-yazilimevi"],"_links":{"self":[{"href":"https:\/\/www.ozgurguler.net\/blog\/wp-json\/wp\/v2\/posts\/1214","targetHints":{"allow":["GET"]}}],"collection":[{"href":"https:\/\/www.ozgurguler.net\/blog\/wp-json\/wp\/v2\/posts"}],"about":[{"href":"https:\/\/www.ozgurguler.net\/blog\/wp-json\/wp\/v2\/types\/post"}],"author":[{"embeddable":true,"href":"https:\/\/www.ozgurguler.net\/blog\/wp-json\/wp\/v2\/users\/4"}],"replies":[{"embeddable":true,"href":"https:\/\/www.ozgurguler.net\/blog\/wp-json\/wp\/v2\/comments?post=1214"}],"version-history":[{"count":3,"href":"https:\/\/www.ozgurguler.net\/blog\/wp-json\/wp\/v2\/posts\/1214\/revisions"}],"predecessor-version":[{"id":1217,"href":"https:\/\/www.ozgurguler.net\/blog\/wp-json\/wp\/v2\/posts\/1214\/revisions\/1217"}],"wp:attachment":[{"href":"https:\/\/www.ozgurguler.net\/blog\/wp-json\/wp\/v2\/media?parent=1214"}],"wp:term":[{"taxonomy":"category","embeddable":true,"href":"https:\/\/www.ozgurguler.net\/blog\/wp-json\/wp\/v2\/categories?post=1214"},{"taxonomy":"post_tag","embeddable":true,"href":"https:\/\/www.ozgurguler.net\/blog\/wp-json\/wp\/v2\/tags?post=1214"}],"curies":[{"name":"wp","href":"https:\/\/api.w.org\/{rel}","templated":true}]}}